{"id":4434,"date":"2026-09-03T09:52:46","date_gmt":"2026-09-03T07:52:46","guid":{"rendered":"https:\/\/snudifo84.com\/?p=4434"},"modified":"2026-09-03T11:50:08","modified_gmt":"2026-09-03T09:50:08","slug":"non-a-la-protection-sociale-complementaire-obligatoire-petition-nationale-de-la-fnec-fp-fo","status":"publish","type":"post","link":"https:\/\/snudifo84.com\/index.php\/2026\/09\/03\/non-a-la-protection-sociale-complementaire-obligatoire-petition-nationale-de-la-fnec-fp-fo\/","title":{"rendered":"Non \u00e0 la Protection Sociale Compl\u00e9mentaire obligatoire ! P\u00e9tition nationale de la FNEC FP-FO"},"content":{"rendered":"<p><b><span style=\"font-size: x-large;\">Non \u00e0 la PSC\u00a0obligatoire !<\/span><\/b><\/p>\n<div class=\"moz-signature\">L\u2019accord du 8 avril 2024 sur la Protection Sociale Compl\u00e9mentaire, entr\u00e9 en vigueur le 1er mai dernier, impose \u00e0 tous les agents l\u2019adh\u00e9sion obligatoire au volet sant\u00e9 du contrat PSC et le d\u00e9couplage sant\u00e9\/pr\u00e9voyance. La FNEC FP-FO est la seule organisation syndicale \u00e0 avoir refus\u00e9 de le signer. En effet, la mise en place de cette PSC est une grave remise en cause du principe de solidarit\u00e9 de la S\u00e9curit\u00e9 sociale de 1945 : cotiser selon ses moyens et recevoir selon ses besoins. Face \u00e0 la pr\u00e9carisation des personnels, c\u2019est au contraire vers le 100% S\u00e9cu qu\u2019il faut tendre.<br \/>\n<span style=\"font-size: large;\"><br \/>\n<\/span><b>Nous ne voulons pas de l\u2019adh\u00e9sion obligatoire \u00e0 la PSC !<\/b><br \/>\n<span style=\"color: #ff0000;\"><b>Nous exigeons la d\u00e9nonciation de l\u2019accord !<\/b><\/span><\/div>\n<p><strong>Nous voulons\u00a0:<\/strong><\/p>\n<p>\u2705La libert\u00e9 d\u2019adh\u00e9sion \u00e0\u00a0la compl\u00e9mentaire<\/p>\n<p>\u2705Le couplage sant\u00e9-pr\u00e9voyance\u00a0: nous refusons de payer deux cotisations qui engendrent des co\u00fbts suppl\u00e9mentaires<\/p>\n<p>\u2705Une meilleure et la m\u00eame couverture pour tous selon le principe de solidarit\u00e9\u00a0: pas d\u2019options pour \u00eatre mieux rembours\u00e9s\u00a0!<\/p>\n<p>\u274cNous refusons tout questionnaire de sant\u00e9, toute exclusion de pathologie ou surcotisation.<\/p>\n<p>\u2705Le respect de notre volont\u00e9\u00a0: aucune option impos\u00e9e\u00a0! Pas de pr\u00e9voyance individuelle impos\u00e9e\u00a0!<\/p>\n<p>\u2705Pour les ma\u00eetres du priv\u00e9 sous contrat, le maintien de leur pr\u00e9voyance dans les conditions de l\u2019accord de\u00a02012.<\/p>\n<p>\u2705Le r\u00e9tablissement de l\u2019indemnisation \u00e0\u00a0100\u00a0% en cas d\u2019arr\u00eat maladie\u00a0! Abrogation du jour de carence\u00a0!<\/p>\n<p>L\u2019accord sur la PSC peut \u00eatre remis en question si 50% au moins des organisations syndicales signataires venaient \u00e0\u00a0le d\u00e9noncer.<\/p>\n<p>L\u2019accord PSC doit \u00eatre d\u00e9nonc\u00e9 et ren\u00e9goci\u00e9 sur la base de la libert\u00e9 d\u2019adh\u00e9sion \u00e0\u00a0la compl\u00e9mentaire, garantissant le couplage sant\u00e9-pr\u00e9voyance, la solidarit\u00e9 entre agents, le m\u00eame panier de soins pour tous sans syst\u00e8me d\u2019options ou de surcotisation\u00a0!<\/p>\n<p>Rejoignez les 10 858 signataires : signez la p\u00e9tition\u00a0 <a href=\"https:\/\/www.fo-fnecfp.fr\/petition-psc\/\">https:\/\/www.fo-fnecfp.fr\/petition-psc\/<\/a><\/p>\n<p>&nbsp;<\/p>\n","protected":false},"excerpt":{"rendered":"<p>Non \u00e0 la PSC\u00a0obligatoire ! L\u2019accord du 8 avril 2024 sur la Protection Sociale Compl\u00e9mentaire, entr\u00e9 en vigueur le 1er mai dernier, impose \u00e0 tous les agents l\u2019adh\u00e9sion obligatoire au volet sant\u00e9 du contrat PSC et le d\u00e9couplage sant\u00e9\/pr\u00e9voyance. La FNEC FP-FO est la seule organisation syndicale \u00e0 avoir refus\u00e9&#8230;<br \/><a class=\"read-more-button\" href=\"https:\/\/snudifo84.com\/index.php\/2026\/09\/03\/non-a-la-protection-sociale-complementaire-obligatoire-petition-nationale-de-la-fnec-fp-fo\/\">Read more<\/a><\/p>\n","protected":false},"author":1,"featured_media":4436,"comment_status":"closed","ping_status":"closed","sticky":false,"template":"","format":"standard","meta":{"footnotes":""},"categories":[7,13,327],"tags":[334,342,335,68,338],"class_list":["post-4434","post","type-post","status-publish","format-standard","has-post-thumbnail","hentry","category-acc01","category-div06","category-protection-sociale-complementaire","tag-denonciation-de-laccord-psc","tag-enseignants","tag-fnec-fp-fo","tag-fo","tag-petition"],"_links":{"self":[{"href":"https:\/\/snudifo84.com\/index.php\/wp-json\/wp\/v2\/posts\/4434","targetHints":{"allow":["GET"]}}],"collection":[{"href":"https:\/\/snudifo84.com\/index.php\/wp-json\/wp\/v2\/posts"}],"about":[{"href":"https:\/\/snudifo84.com\/index.php\/wp-json\/wp\/v2\/types\/post"}],"author":[{"embeddable":true,"href":"https:\/\/snudifo84.com\/index.php\/wp-json\/wp\/v2\/users\/1"}],"replies":[{"embeddable":true,"href":"https:\/\/snudifo84.com\/index.php\/wp-json\/wp\/v2\/comments?post=4434"}],"version-history":[{"count":8,"href":"https:\/\/snudifo84.com\/index.php\/wp-json\/wp\/v2\/posts\/4434\/revisions"}],"predecessor-version":[{"id":4446,"href":"https:\/\/snudifo84.com\/index.php\/wp-json\/wp\/v2\/posts\/4434\/revisions\/4446"}],"wp:featuredmedia":[{"embeddable":true,"href":"https:\/\/snudifo84.com\/index.php\/wp-json\/wp\/v2\/media\/4436"}],"wp:attachment":[{"href":"https:\/\/snudifo84.com\/index.php\/wp-json\/wp\/v2\/media?parent=4434"}],"wp:term":[{"taxonomy":"category","embeddable":true,"href":"https:\/\/snudifo84.com\/index.php\/wp-json\/wp\/v2\/categories?post=4434"},{"taxonomy":"post_tag","embeddable":true,"href":"https:\/\/snudifo84.com\/index.php\/wp-json\/wp\/v2\/tags?post=4434"}],"curies":[{"name":"wp","href":"https:\/\/api.w.org\/{rel}","templated":true}]}}