{"id":2451,"date":"2023-07-02T14:03:38","date_gmt":"2023-07-02T12:03:38","guid":{"rendered":"https:\/\/snudifo84.com\/?p=2451"},"modified":"2023-07-02T15:26:17","modified_gmt":"2023-07-02T13:26:17","slug":"creation-du-comite-denseignants-pour-le-retour-a-la-semaine-de-4-jours-sur-36-semaines-avec-la-coupure-du-mercredi-soutenu-par-le-snudi-fo","status":"publish","type":"post","link":"https:\/\/snudifo84.com\/index.php\/2023\/07\/02\/creation-du-comite-denseignants-pour-le-retour-a-la-semaine-de-4-jours-sur-36-semaines-avec-la-coupure-du-mercredi-soutenu-par-le-snudi-fo\/","title":{"rendered":"Cr\u00e9ation du Comit\u00e9 d&rsquo;enseignants pour le retour \u00e0 la semaine de 4 jours sur 36 semaines avec la coupure du mercredi soutenu par le SNUDI-FO"},"content":{"rendered":"<p>Communiqu\u00e9<\/p>\n<p><span style=\"font-weight: 400;\">Les enseignants r\u00e9unis en R\u00e9union d&rsquo;Information Syndicale mercredi 28 juin 2023 \u00e0 l&rsquo;Union D\u00e9partementale FO cr\u00e9ent le Comit\u00e9 d&rsquo;enseignants soutenu par le SNUDI-FO <\/span><b>pour le retour \u00e0 la semaine de 4 jours sur 36 semaines avec la coupure du mercredi, <\/b>\u00e0 Avignon<span style=\"font-weight: 400;\">.<\/span><\/p>\n<p><span style=\"font-weight: 400;\">Le Comit\u00e9 invite tous les coll\u00e8gues, adjoints, directeurs et ATSEM \u00e0 lui transmettre <\/span><span style=\"font-weight: 400;\">d&rsquo;ores et d\u00e9j\u00e0<\/span><span style=\"font-weight: 400;\"> tous les faits et arguments qui justifient le retour \u00e0 la semaine de 4 jours sur 36 semaines avec la coupure du mercredi comme dans les 128 autres communes du d\u00e9partement (sur 131).<\/span><\/p>\n<p><span style=\"font-weight: 400;\">Envoyez vos t\u00e9moignages \u00e0 cette adresse :<\/span> <span style=\"font-weight: 400;\">semaine4joursavignon@gmail.com<\/span><\/p>\n<p><span style=\"font-weight: 400;\">Une prochaine r\u00e9union du Comit\u00e9 aura lieu \u00e0 la rentr\u00e9e pour organiser des visites d&rsquo;\u00e9coles, pour proposer <\/span><span style=\"font-weight: 400;\">une p\u00e9tition<\/span><span style=\"font-weight: 400;\">, pour proposer <\/span><span style=\"font-weight: 400;\">un projet de prise de position des Conseils d\u2019\u00c9coles<\/span><span style=\"font-weight: 400;\"> et pour pr\u00e9parer <\/span><span style=\"font-weight: 400;\">une d\u00e9l\u00e9gation aupr\u00e8s de madame la Maire d&rsquo;Avignon<\/span><span style=\"font-weight: 400;\">.\u00a0<\/span><\/p>\n<p><span style=\"font-weight: 400;\">Le Comit\u00e9 vous donne rendez-vous <\/span><b>le mercredi 20 septembre 2023<\/b><span style=\"font-weight: 400;\"> \u00e0 12h15 \u00e0 l&rsquo;Union D\u00e9partementale FO au 20 avenue Monclar \u00e0 Avignon.<\/span><\/p>\n<p><span style=\"font-weight: 400;\">PS : Tous les syndicats sont invit\u00e9s \u00e0 soutenir le Comit\u00e9.<\/span><\/p>\n","protected":false},"excerpt":{"rendered":"<p>Communiqu\u00e9 Les enseignants r\u00e9unis en R\u00e9union d&rsquo;Information Syndicale mercredi 28 juin 2023 \u00e0 l&rsquo;Union D\u00e9partementale FO cr\u00e9ent le Comit\u00e9 d&rsquo;enseignants soutenu par le SNUDI-FO pour le retour \u00e0 la semaine de 4 jours sur 36 semaines avec la coupure du mercredi, \u00e0 Avignon. Le Comit\u00e9 invite tous les coll\u00e8gues, adjoints,&#8230;<br \/><a class=\"read-more-button\" href=\"https:\/\/snudifo84.com\/index.php\/2023\/07\/02\/creation-du-comite-denseignants-pour-le-retour-a-la-semaine-de-4-jours-sur-36-semaines-avec-la-coupure-du-mercredi-soutenu-par-le-snudi-fo\/\">Read more<\/a><\/p>\n","protected":false},"author":1,"featured_media":2458,"comment_status":"closed","ping_status":"closed","sticky":false,"template":"","format":"standard","meta":{"footnotes":""},"categories":[52],"tags":[76,53,75,74,77,78],"class_list":["post-2451","post","type-post","status-publish","format-standard","has-post-thumbnail","hentry","category-retour-a-la-semaine-de-4-jours","tag-76","tag-4-jours","tag-4jours","tag-comite","tag-coupure","tag-semaine"],"_links":{"self":[{"href":"https:\/\/snudifo84.com\/index.php\/wp-json\/wp\/v2\/posts\/2451","targetHints":{"allow":["GET"]}}],"collection":[{"href":"https:\/\/snudifo84.com\/index.php\/wp-json\/wp\/v2\/posts"}],"about":[{"href":"https:\/\/snudifo84.com\/index.php\/wp-json\/wp\/v2\/types\/post"}],"author":[{"embeddable":true,"href":"https:\/\/snudifo84.com\/index.php\/wp-json\/wp\/v2\/users\/1"}],"replies":[{"embeddable":true,"href":"https:\/\/snudifo84.com\/index.php\/wp-json\/wp\/v2\/comments?post=2451"}],"version-history":[{"count":6,"href":"https:\/\/snudifo84.com\/index.php\/wp-json\/wp\/v2\/posts\/2451\/revisions"}],"predecessor-version":[{"id":2459,"href":"https:\/\/snudifo84.com\/index.php\/wp-json\/wp\/v2\/posts\/2451\/revisions\/2459"}],"wp:featuredmedia":[{"embeddable":true,"href":"https:\/\/snudifo84.com\/index.php\/wp-json\/wp\/v2\/media\/2458"}],"wp:attachment":[{"href":"https:\/\/snudifo84.com\/index.php\/wp-json\/wp\/v2\/media?parent=2451"}],"wp:term":[{"taxonomy":"category","embeddable":true,"href":"https:\/\/snudifo84.com\/index.php\/wp-json\/wp\/v2\/categories?post=2451"},{"taxonomy":"post_tag","embeddable":true,"href":"https:\/\/snudifo84.com\/index.php\/wp-json\/wp\/v2\/tags?post=2451"}],"curies":[{"name":"wp","href":"https:\/\/api.w.org\/{rel}","templated":true}]}}